{"id":28,"date":"2021-03-03T11:57:59","date_gmt":"2021-03-03T10:57:59","guid":{"rendered":"http:\/\/infosport-africa.com\/?p=28"},"modified":"2021-03-13T11:44:40","modified_gmt":"2021-03-13T10:44:40","slug":"28","status":"publish","type":"post","link":"https:\/\/infosport-africa.com\/index.php\/2021\/03\/03\/28\/","title":{"rendered":"Les derni\u00e8res news de la Plan\u00e8te Football"},"content":{"rendered":"\n<figure class=\"wp-block-image size-large is-resized\"><img loading=\"lazy\" src=\"https:\/\/imgresizer.eurosport.com\/unsafe\/640x0\/filters:format(webp):focal(1427x322:1429x320)\/origin-imgresizer.eurosport.com\/2021\/03\/02\/3004779-61651308-2560-1440.jpg\" alt=\"\" width=\"551\" height=\"310\"\/><\/figure>\n\n\n\n<figure class=\"wp-block-image size-large\"><img src=\"https:\/\/www.google.com\/url?sa=i&amp;url=https%3A%2F%2Fwww.eurosport.fr%2Ffootball%2F&amp;psig=AOvVaw10VEodObqpBI-RacSmFfB0&amp;ust=1614855657383000&amp;source=images&amp;cd=vfe&amp;ved=0CAIQjRxqFwoTCLDug6H8k-8CFQAAAAAdAAAAABAD\" alt=\"\"\/><\/figure>\n\n\n\n<div class=\"wp-block-group\"><div class=\"wp-block-group__inner-container\"><div class=\"wp-rss-template-container\" data-wpra-template=\"default\" data-template-ctx=\"eyJpc0FsbCI6IjEiLCJ0ZW1wbGF0ZSI6ImRlZmF1bHQiLCJwYWdpbmF0aW9uIjoiMSJ9\">\n    <div class=\"wp-rss-aggregator wpra-list-template  \" data-page=\"1\">\n    \n    \n<ul class=\"wpra-item-list rss-aggregator wpra-item-list--bullets wpra-item-list--default\"\n    start=\"1\">\n                        <li class=\"wpra-item feed-item \">\n            \n            \n\n    <a  href=\"https:\/\/rmcsport.bfmtv.com\/football\/ligue-des-champions\/psg-bayern-voyage-defraye-maillots-et-places-offerts-deux-cars-d-habitants-d-evreux-invites-par-dembele-et-upamecano_AV-202604280361.html\" target=\"_blank\" rel=\"nofollow\" class=\"\">PSG-Bayern: voyage d\u00e9fray\u00e9, maillots et places offerts&#8230; deux cars d&#039;habitants d&#039;\u00c9vreux invit\u00e9s par Demb\u00e9l\u00e9 et Upamecano<\/a>\n\n\n\n\n<div class=\"wprss-feed-meta\">\n            <span class=\"feed-source\">\n            Source:\n\n                            Home Football &#8211; actualit\u00e9s\n                    <\/span>\n    \n            <span class=\"feed-date\">\n            Published on 2026-04-28\n        <\/span>\n    \n    <\/div>\n\n\n\n            \n        <\/li>\n                    <li class=\"wpra-item feed-item \">\n            \n            \n\n    <a  href=\"https:\/\/rmcsport.bfmtv.com\/football\/liga\/fc-barcelone_DN-202304140698.html\" target=\"_blank\" rel=\"nofollow\" class=\"\">FC Barcelone<\/a>\n\n\n\n\n<div class=\"wprss-feed-meta\">\n            <span class=\"feed-source\">\n            Source:\n\n                            Home Football &#8211; actualit\u00e9s\n                    <\/span>\n    \n            <span class=\"feed-date\">\n            Published on 2026-04-28\n        <\/span>\n    \n    <\/div>\n\n\n\n            \n        <\/li>\n                    <li class=\"wpra-item feed-item \">\n            \n            \n\n    <a  href=\"https:\/\/rmcsport.bfmtv.com\/football\/ligue-des-champions\/ligue-des-champions-l-arbitre-szymon-marciniak-reconnait-s-etre-trompe-en-faveur-du-barca-contre-l-inter-en-2025_AV-202604280353.html\" target=\"_blank\" rel=\"nofollow\" class=\"\">Ligue des champions: l\u2019arbitre Szymon Marciniak reconna\u00eet s\u2018\u00eatre tromp\u00e9 en faveur du Bar\u00e7a contre l\u2019Inter en 2025<\/a>\n\n\n\n\n<div class=\"wprss-feed-meta\">\n            <span class=\"feed-source\">\n            Source:\n\n                            Home Football &#8211; actualit\u00e9s\n                    <\/span>\n    \n            <span class=\"feed-date\">\n            Published on 2026-04-28\n        <\/span>\n    \n    <\/div>\n\n\n\n            \n        <\/li>\n                    <li class=\"wpra-item feed-item \">\n            \n            \n\n    <a  href=\"https:\/\/rmcsport.bfmtv.com\/football\/ligue-1\/strasbourg-international-francais-chez-les-jeunes-ismael-doukoure-change-de-nationalite-sportive_AV-202604280340.html\" target=\"_blank\" rel=\"nofollow\" class=\"\">Strasbourg: international fran\u00e7ais chez les jeunes, Isma\u00ebl Doukour\u00e9 change de nationalit\u00e9 sportive<\/a>\n\n\n\n\n<div class=\"wprss-feed-meta\">\n            <span class=\"feed-source\">\n            Source:\n\n                            Home Football &#8211; actualit\u00e9s\n                    <\/span>\n    \n            <span class=\"feed-date\">\n            Published on 2026-04-28\n        <\/span>\n    \n    <\/div>\n\n\n\n            \n        <\/li>\n                    <li class=\"wpra-item feed-item \">\n            \n            \n\n    <a  href=\"https:\/\/rmcsport.bfmtv.com\/football\/serie-a\/pierre-feuille-ciseaux-pour-corriger-des-decisions-nouvelles-revelations-dans-l-affaire-de-scandale-d-arbitrage-en-italie_AV-202604280294.html\" target=\"_blank\" rel=\"nofollow\" class=\"\">&#8220;Pierre-feuille-ciseaux&#8221; pour corriger des d\u00e9cisions: nouvelles r\u00e9v\u00e9lations dans l&#039;affaire de scandale d&#039;arbitrage en Italie<\/a>\n\n\n\n\n<div class=\"wprss-feed-meta\">\n            <span class=\"feed-source\">\n            Source:\n\n                            Home Football &#8211; actualit\u00e9s\n                    <\/span>\n    \n            <span class=\"feed-date\">\n            Published on 2026-04-28\n        <\/span>\n    \n    <\/div>\n\n\n\n            \n        <\/li>\n                    <li class=\"wpra-item feed-item \">\n            \n            \n\n    <a  href=\"https:\/\/rmcsport.bfmtv.com\/football\/video-psg-bayern-paris-un-ancrage-national-solide-et-une-marque-mondiale-populaire_VN-202604280289.html\" target=\"_blank\" rel=\"nofollow\" class=\"\">PSG &#8211; Bayern : Paris, un ancrage national solide et une marque mondiale populaire<\/a>\n\n\n\n\n<div class=\"wprss-feed-meta\">\n            <span class=\"feed-source\">\n            Source:\n\n                            Home Football &#8211; actualit\u00e9s\n                    <\/span>\n    \n            <span class=\"feed-date\">\n            Published on 2026-04-28\n        <\/span>\n    \n    <\/div>\n\n\n\n            \n        <\/li>\n                    <li class=\"wpra-item feed-item \">\n            \n            \n\n    <a  href=\"https:\/\/rmcsport.bfmtv.com\/football\/ligue-des-champions\/direct-psg-bayern-suivez-en-live-la-demi-finale-aller-de-la-ligue-des-champions_LS-202604280284.html\" target=\"_blank\" rel=\"nofollow\" class=\"\">DIRECT. PSG-Bayern: suivez en live la demi-finale aller de la Ligue des champions<\/a>\n\n\n\n\n<div class=\"wprss-feed-meta\">\n            <span class=\"feed-source\">\n            Source:\n\n                            Home Football &#8211; actualit\u00e9s\n                    <\/span>\n    \n            <span class=\"feed-date\">\n            Published on 2026-04-28\n        <\/span>\n    \n    <\/div>\n\n\n\n            \n        <\/li>\n                    <li class=\"wpra-item feed-item \">\n            \n            \n\n    <a  href=\"https:\/\/rmcsport.bfmtv.com\/football\/championship\/la-poisse-pour-eliot-matazo-seulement-onze-minutes-apres-un-an-d-absence-l-ancien-monegasque-victime-d-une-nouvelle-rupture-des-ligaments-croises_AV-202604280272.html\" target=\"_blank\" rel=\"nofollow\" class=\"\">La poisse pour Eliot Matazo: seulement onze minutes apr\u00e8s un an d&#039;absence, l&#039;ancien Mon\u00e9gasque victime d&#039;une nouvelle rupture des ligaments crois\u00e9s<\/a>\n\n\n\n\n<div class=\"wprss-feed-meta\">\n            <span class=\"feed-source\">\n            Source:\n\n                            Home Football &#8211; actualit\u00e9s\n                    <\/span>\n    \n            <span class=\"feed-date\">\n            Published on 2026-04-28\n        <\/span>\n    \n    <\/div>\n\n\n\n            \n        <\/li>\n                    <li class=\"wpra-item feed-item \">\n            \n            \n\n    <a  href=\"https:\/\/rmcsport.bfmtv.com\/football\/ligue-1\/video-a-l-om-il-ne-mettait-pas-un-pied-devant-l-autre-riolo-denonce-l-attitude-de-wahi_VN-202604280266.html\" target=\"_blank\" rel=\"nofollow\" class=\"\">&#8220;\u00c0 l&#039;OM, il ne mettait pas un pied devant l&#039;autre&#8221;, Riolo d\u00e9nonce l&#039;attitude de Wahi<\/a>\n\n\n\n\n<div class=\"wprss-feed-meta\">\n            <span class=\"feed-source\">\n            Source:\n\n                            Home Football &#8211; actualit\u00e9s\n                    <\/span>\n    \n            <span class=\"feed-date\">\n            Published on 2026-04-28\n        <\/span>\n    \n    <\/div>\n\n\n\n            \n        <\/li>\n                    <li class=\"wpra-item feed-item \">\n            \n            \n\n    <a  href=\"https:\/\/rmcsport.bfmtv.com\/football\/coupe-du-monde\/coupe-du-monde-2026-le-signe-positif-pour-une-participation-de-l-iran-avant-le-congres-de-la-fifa_AV-202604280218.html\" target=\"_blank\" rel=\"nofollow\" class=\"\">Coupe du monde 2026: le signe positif pour une participation de l&#039;Iran avant le congr\u00e8s de la Fifa<\/a>\n\n\n\n\n<div class=\"wprss-feed-meta\">\n            <span class=\"feed-source\">\n            Source:\n\n                            Home Football &#8211; actualit\u00e9s\n                    <\/span>\n    \n            <span class=\"feed-date\">\n            Published on 2026-04-28\n        <\/span>\n    \n    <\/div>\n\n\n\n            \n        <\/li>\n                    <li class=\"wpra-item feed-item \">\n            \n            \n\n    <a  href=\"https:\/\/rmcsport.bfmtv.com\/football\/clubs\/paris-saint-germain\/le-club-ambassadeur-de-la-france-le-psg-plus-que-jamais-populaire-en-france-et-dans-le-monde-entier_AV-202604280192.html\" target=\"_blank\" rel=\"nofollow\" class=\"\">&#8220;Le club ambassadeur de la France&#8221;, le PSG plus que jamais populaire en France et dans le monde entier<\/a>\n\n\n\n\n<div class=\"wprss-feed-meta\">\n            <span class=\"feed-source\">\n            Source:\n\n                            Home Football &#8211; actualit\u00e9s\n                    <\/span>\n    \n            <span class=\"feed-date\">\n            Published on 2026-04-28\n        <\/span>\n    \n    <\/div>\n\n\n\n            \n        <\/li>\n                    <li class=\"wpra-item feed-item \">\n            \n            \n\n    <a  href=\"https:\/\/rmcsport.bfmtv.com\/football\/ligue-1\/om-nice-qu-il-ne-se-prenne-pas-pour-une-vedette-daniel-riolo-ne-comprend-pas-l-attitude-d-elye-wahi-apres-la-rencontre_AV-202604280180.html\" target=\"_blank\" rel=\"nofollow\" class=\"\">OM-Nice: &#8220;Qu&#039;il ne se prenne pas pour une vedette&#8221;, Daniel Riolo ne comprend pas &#8220;l&#039;attitude&#8221; d&#039;Elye Wahi apr\u00e8s la rencontre<\/a>\n\n\n\n\n<div class=\"wprss-feed-meta\">\n            <span class=\"feed-source\">\n            Source:\n\n                            Home Football &#8211; actualit\u00e9s\n                    <\/span>\n    \n            <span class=\"feed-date\">\n            Published on 2026-04-28\n        <\/span>\n    \n    <\/div>\n\n\n\n            \n        <\/li>\n                    <li class=\"wpra-item feed-item \">\n            \n            \n\n    <a  href=\"https:\/\/rmcsport.bfmtv.com\/football\/coupe-du-monde\/coupe-du-monde-2026-la-fifa-va-acter-une-petite-revolution-sur-les-cartons-jaunes_AV-202604280166.html\" target=\"_blank\" rel=\"nofollow\" class=\"\">Coupe du monde 2026: la Fifa va acter une petite r\u00e9volution sur les cartons jaunes<\/a>\n\n\n\n\n<div class=\"wprss-feed-meta\">\n            <span class=\"feed-source\">\n            Source:\n\n                            Home Football &#8211; actualit\u00e9s\n                    <\/span>\n    \n            <span class=\"feed-date\">\n            Published on 2026-04-28\n        <\/span>\n    \n    <\/div>\n\n\n\n            \n        <\/li>\n                    <li class=\"wpra-item feed-item \">\n            \n            \n\n    <a  href=\"https:\/\/rmcsport.bfmtv.com\/football\/ligue-des-champions\/on-etait-tous-d-accord-pour-dire-que-ca-allait-marcher-comment-vincent-kompany-a-acquis-sa-credibilite-en-tant-qu-entraineur-du-bayern-munich_AV-202604280017.html\" target=\"_blank\" rel=\"nofollow\" class=\"\">&#8220;On \u00e9tait tous d\u2019accord pour dire que \u00e7a allait marcher&#8221;: comment Vincent Kompany a acquis sa cr\u00e9dibilit\u00e9 en tant qu\u2019entra\u00eeneur du Bayern Munich<\/a>\n\n\n\n\n<div class=\"wprss-feed-meta\">\n            <span class=\"feed-source\">\n            Source:\n\n                            Home Football &#8211; actualit\u00e9s\n                    <\/span>\n    \n            <span class=\"feed-date\">\n            Published on 2026-04-28\n        <\/span>\n    \n    <\/div>\n\n\n\n            \n        <\/li>\n                    <li class=\"wpra-item feed-item \">\n            \n            \n\n    <a  href=\"https:\/\/rmcsport.bfmtv.com\/football\/clubs\/olympique-marseille\/om-nice-merci-elye-quand-emanuel-emegha-salue-wahi-pour-son-accrochage-avec-balerdi_AV-202604280126.html\" target=\"_blank\" rel=\"nofollow\" class=\"\">OM-Nice: &#8220;Merci Elye&#8221;, quand Emanuel Emegha salue Wahi pour son accrochage avec Balerdi<\/a>\n\n\n\n\n<div class=\"wprss-feed-meta\">\n            <span class=\"feed-source\">\n            Source:\n\n                            Home Football &#8211; actualit\u00e9s\n                    <\/span>\n    \n            <span class=\"feed-date\">\n            Published on 2026-04-28\n        <\/span>\n    \n    <\/div>\n\n\n\n            \n        <\/li>\n        <\/ul>\n\n            <div class=\"nav-links\">\n            <div class=\"nav-previous alignleft\">\n            <a href=\"#\" data-wpra-shortcode=\"shortcode\" data-wpra-page=\"2\">\n                Older posts            <\/a>\n        <\/div>\n        <\/div>\n\n        \n<\/div>\n\n<\/div>\n<\/div><\/div>\n","protected":false},"excerpt":{"rendered":"","protected":false},"author":1,"featured_media":919,"comment_status":"open","ping_status":"open","sticky":false,"template":"","format":"standard","meta":[],"categories":[3],"tags":[],"_links":{"self":[{"href":"https:\/\/infosport-africa.com\/index.php\/wp-json\/wp\/v2\/posts\/28"}],"collection":[{"href":"https:\/\/infosport-africa.com\/index.php\/wp-json\/wp\/v2\/posts"}],"about":[{"href":"https:\/\/infosport-africa.com\/index.php\/wp-json\/wp\/v2\/types\/post"}],"author":[{"embeddable":true,"href":"https:\/\/infosport-africa.com\/index.php\/wp-json\/wp\/v2\/users\/1"}],"replies":[{"embeddable":true,"href":"https:\/\/infosport-africa.com\/index.php\/wp-json\/wp\/v2\/comments?post=28"}],"version-history":[{"count":6,"href":"https:\/\/infosport-africa.com\/index.php\/wp-json\/wp\/v2\/posts\/28\/revisions"}],"predecessor-version":[{"id":953,"href":"https:\/\/infosport-africa.com\/index.php\/wp-json\/wp\/v2\/posts\/28\/revisions\/953"}],"wp:featuredmedia":[{"embeddable":true,"href":"https:\/\/infosport-africa.com\/index.php\/wp-json\/wp\/v2\/media\/919"}],"wp:attachment":[{"href":"https:\/\/infosport-africa.com\/index.php\/wp-json\/wp\/v2\/media?parent=28"}],"wp:term":[{"taxonomy":"category","embeddable":true,"href":"https:\/\/infosport-africa.com\/index.php\/wp-json\/wp\/v2\/categories?post=28"},{"taxonomy":"post_tag","embeddable":true,"href":"https:\/\/infosport-africa.com\/index.php\/wp-json\/wp\/v2\/tags?post=28"}],"curies":[{"name":"wp","href":"https:\/\/api.w.org\/{rel}","templated":true}]}}